{"id":789,"date":"2024-12-01T13:30:30","date_gmt":"2024-12-01T18:30:30","guid":{"rendered":"https:\/\/symmes.ca\/?p=789"},"modified":"2024-11-04T12:04:12","modified_gmt":"2024-11-04T17:04:12","slug":"festive-macrame-workshop","status":"publish","type":"post","link":"https:\/\/symmes.ca\/en\/activities\/festive-macrame-workshop\/","title":{"rendered":"Festive Macram\u00e9 Workshop"},"content":{"rendered":"<p>The Symmes Inn Museum presents a festive macram\u00e9 workshop where participants can create three Santa Clause decorations.<br \/>\nThe class will be given by Am\u00e9lie Girard of Macram\u00e9 Vibe, a local craftswoman.<\/p>\n<p><img loading=\"lazy\" decoding=\"async\" class=\"alignnone size-medium wp-image-779\" src=\"https:\/\/symmes.ca\/wp-content\/uploads\/2024\/12\/temps-des-fetes-300x225.jpg\" sizes=\"auto, (max-width: 300px) 100vw, 300px\" srcset=\"https:\/\/symmes.ca\/wp-content\/uploads\/2024\/12\/temps-des-fetes-300x225.jpg 300w, https:\/\/symmes.ca\/wp-content\/uploads\/2024\/12\/temps-des-fetes-1024x768.jpg 1024w, https:\/\/symmes.ca\/wp-content\/uploads\/2024\/12\/temps-des-fetes-768x576.jpg 768w, https:\/\/symmes.ca\/wp-content\/uploads\/2024\/12\/temps-des-fetes.jpg 1067w\" alt=\"\" width=\"300\" height=\"225\" \/><\/p>\n<p>Come discover or rediscover the art of macram\u00e9 at the Symmes Inn Museum, accompanied by a festive hot drink! We&#8217;re happy to kick off the holiday season with this great activity!<\/p>\n<p>Where: Symmes Inn Museum, 1 rue Front, Aylmer<br \/>\nWhen: Sunday, December 1, 2024 from 1:30 to 4 p.m.<br \/>\nCost: $30 per person (includes class, materials and festive hot beverage)<\/p>\n<p><a href=\"https:\/\/www.zeffy.com\/en-CA\/ticketing\/19cc810a-1e68-4c42-a208-4612e38f733f\" target=\"_blank\" rel=\"noopener\"><span class=\"iBillet\">Get your tickets here!<\/span><\/a><\/p>\n","protected":false},"excerpt":{"rendered":"<p>The Symmes Inn Museum presents a festive macram\u00e9 workshop where participants can create three Santa Clause decorations. The class will be given by Am\u00e9lie Girard of Macram\u00e9 Vibe, a local craftswoman. Come discover or rediscover the art of macram\u00e9 at the Symmes Inn Museum, accompanied by a festive hot drink! We&#8217;re happy to kick off&hellip; <a class=\"more-link\" href=\"https:\/\/symmes.ca\/en\/activities\/festive-macrame-workshop\/\">Continue reading <span class=\"screen-reader-text\">Festive Macram\u00e9 Workshop<\/span><\/a><\/p>\n","protected":false},"author":2,"featured_media":791,"comment_status":"open","ping_status":"open","sticky":false,"template":"","format":"standard","meta":{"_acf_changed":false,"footnotes":""},"categories":[11],"tags":[],"class_list":["post-789","post","type-post","status-publish","format-standard","has-post-thumbnail","hentry","category-activities","entry"],"acf":[],"yoast_head":"<!-- This site is optimized with the Yoast SEO plugin v27.1.1 - https:\/\/yoast.com\/product\/yoast-seo-wordpress\/ -->\n<title>Festive Macram\u00e9 Workshop - Le Mus\u00e9e de l&#039;Auberge Symmes<\/title>\n<meta name=\"robots\" content=\"index, follow, max-snippet:-1, max-image-preview:large, max-video-preview:-1\" \/>\n<link rel=\"canonical\" href=\"https:\/\/symmes.ca\/activites\/atelier-de-macrame-des-fetes\/\" \/>\n<meta property=\"og:locale\" content=\"en_US\" \/>\n<meta property=\"og:type\" content=\"article\" \/>\n<meta property=\"og:title\" content=\"Festive Macram\u00e9 Workshop - Le Mus\u00e9e de l&#039;Auberge Symmes\" \/>\n<meta property=\"og:description\" content=\"The Symmes Inn Museum presents a festive macram\u00e9 workshop where participants can create three Santa Clause decorations. The class will be given by Am\u00e9lie Girard of Macram\u00e9 Vibe, a local craftswoman. Come discover or rediscover the art of macram\u00e9 at the Symmes Inn Museum, accompanied by a festive hot drink! We&#8217;re happy to kick off&hellip; Continue reading Festive Macram\u00e9 Workshop\" \/>\n<meta property=\"og:url\" content=\"https:\/\/symmes.ca\/activites\/atelier-de-macrame-des-fetes\/\" \/>\n<meta property=\"og:site_name\" content=\"Le Mus\u00e9e de l&#039;Auberge Symmes\" \/>\n<meta property=\"article:publisher\" content=\"https:\/\/www.facebook.com\/museesymmesmuseum?fref=ts\" \/>\n<meta property=\"article:published_time\" content=\"2024-12-01T18:30:30+00:00\" \/>\n<meta property=\"og:image\" content=\"https:\/\/symmes.ca\/wp-content\/uploads\/2024\/12\/macrame-workshop.png\" \/>\n\t<meta property=\"og:image:width\" content=\"1080\" \/>\n\t<meta property=\"og:image:height\" content=\"1080\" \/>\n\t<meta property=\"og:image:type\" content=\"image\/png\" \/>\n<meta name=\"author\" content=\"Symmes\" \/>\n<meta name=\"twitter:card\" content=\"summary_large_image\" \/>\n<meta name=\"twitter:label1\" content=\"Written by\" \/>\n\t<meta name=\"twitter:data1\" content=\"Symmes\" \/>\n\t<meta name=\"twitter:label2\" content=\"Est. reading time\" \/>\n\t<meta name=\"twitter:data2\" content=\"1 minute\" \/>\n<script type=\"application\/ld+json\" class=\"yoast-schema-graph\">{\"@context\":\"https:\/\/schema.org\",\"@graph\":[{\"@type\":\"Article\",\"@id\":\"https:\/\/symmes.ca\/activites\/atelier-de-macrame-des-fetes\/#article\",\"isPartOf\":{\"@id\":\"https:\/\/symmes.ca\/activites\/atelier-de-macrame-des-fetes\/\"},\"author\":{\"name\":\"Symmes\",\"@id\":\"https:\/\/symmes.ca\/#\/schema\/person\/4f17d0d0a6daf18fca699d8a59b64030\"},\"headline\":\"Festive Macram\u00e9 Workshop\",\"datePublished\":\"2024-12-01T18:30:30+00:00\",\"mainEntityOfPage\":{\"@id\":\"https:\/\/symmes.ca\/activites\/atelier-de-macrame-des-fetes\/\"},\"wordCount\":95,\"commentCount\":0,\"publisher\":{\"@id\":\"https:\/\/symmes.ca\/#organization\"},\"image\":{\"@id\":\"https:\/\/symmes.ca\/activites\/atelier-de-macrame-des-fetes\/#primaryimage\"},\"thumbnailUrl\":\"https:\/\/symmes.ca\/wp-content\/uploads\/2024\/12\/macrame-workshop.png\",\"articleSection\":[\"Activities\"],\"inLanguage\":\"en-US\",\"potentialAction\":[{\"@type\":\"CommentAction\",\"name\":\"Comment\",\"target\":[\"https:\/\/symmes.ca\/activites\/atelier-de-macrame-des-fetes\/#respond\"]}]},{\"@type\":\"WebPage\",\"@id\":\"https:\/\/symmes.ca\/activites\/atelier-de-macrame-des-fetes\/\",\"url\":\"https:\/\/symmes.ca\/activites\/atelier-de-macrame-des-fetes\/\",\"name\":\"Festive Macram\u00e9 Workshop - Le Mus\u00e9e de l&#039;Auberge Symmes\",\"isPartOf\":{\"@id\":\"https:\/\/symmes.ca\/#website\"},\"primaryImageOfPage\":{\"@id\":\"https:\/\/symmes.ca\/activites\/atelier-de-macrame-des-fetes\/#primaryimage\"},\"image\":{\"@id\":\"https:\/\/symmes.ca\/activites\/atelier-de-macrame-des-fetes\/#primaryimage\"},\"thumbnailUrl\":\"https:\/\/symmes.ca\/wp-content\/uploads\/2024\/12\/macrame-workshop.png\",\"datePublished\":\"2024-12-01T18:30:30+00:00\",\"breadcrumb\":{\"@id\":\"https:\/\/symmes.ca\/activites\/atelier-de-macrame-des-fetes\/#breadcrumb\"},\"inLanguage\":\"en-US\",\"potentialAction\":[{\"@type\":\"ReadAction\",\"target\":[\"https:\/\/symmes.ca\/activites\/atelier-de-macrame-des-fetes\/\"]}]},{\"@type\":\"ImageObject\",\"inLanguage\":\"en-US\",\"@id\":\"https:\/\/symmes.ca\/activites\/atelier-de-macrame-des-fetes\/#primaryimage\",\"url\":\"https:\/\/symmes.ca\/wp-content\/uploads\/2024\/12\/macrame-workshop.png\",\"contentUrl\":\"https:\/\/symmes.ca\/wp-content\/uploads\/2024\/12\/macrame-workshop.png\",\"width\":1080,\"height\":1080},{\"@type\":\"BreadcrumbList\",\"@id\":\"https:\/\/symmes.ca\/activites\/atelier-de-macrame-des-fetes\/#breadcrumb\",\"itemListElement\":[{\"@type\":\"ListItem\",\"position\":1,\"name\":\"Accueil\",\"item\":\"https:\/\/symmes.ca\/en\/\"},{\"@type\":\"ListItem\",\"position\":2,\"name\":\"Festive Macram\u00e9 Workshop\"}]},{\"@type\":\"WebSite\",\"@id\":\"https:\/\/symmes.ca\/#website\",\"url\":\"https:\/\/symmes.ca\/\",\"name\":\"Le Mus\u00e9e de l'Auberge Symmes\",\"description\":\"\",\"publisher\":{\"@id\":\"https:\/\/symmes.ca\/#organization\"},\"potentialAction\":[{\"@type\":\"SearchAction\",\"target\":{\"@type\":\"EntryPoint\",\"urlTemplate\":\"https:\/\/symmes.ca\/?s={search_term_string}\"},\"query-input\":{\"@type\":\"PropertyValueSpecification\",\"valueRequired\":true,\"valueName\":\"search_term_string\"}}],\"inLanguage\":\"en-US\"},{\"@type\":\"Organization\",\"@id\":\"https:\/\/symmes.ca\/#organization\",\"name\":\"Le Mus\u00e9e de l'Auberge Symmes\",\"url\":\"https:\/\/symmes.ca\/\",\"logo\":{\"@type\":\"ImageObject\",\"inLanguage\":\"en-US\",\"@id\":\"https:\/\/symmes.ca\/#\/schema\/logo\/image\/\",\"url\":\"https:\/\/symmes.ca\/wp-content\/uploads\/2024\/09\/logo_footer.svg\",\"contentUrl\":\"https:\/\/symmes.ca\/wp-content\/uploads\/2024\/09\/logo_footer.svg\",\"width\":1,\"height\":1,\"caption\":\"Le Mus\u00e9e de l'Auberge Symmes\"},\"image\":{\"@id\":\"https:\/\/symmes.ca\/#\/schema\/logo\/image\/\"},\"sameAs\":[\"https:\/\/www.facebook.com\/museesymmesmuseum?fref=ts\",\"https:\/\/www.instagram.com\/aubergesymmes\/\",\"https:\/\/www.youtube.com\/@museeaubergesymmes\"]},{\"@type\":\"Person\",\"@id\":\"https:\/\/symmes.ca\/#\/schema\/person\/4f17d0d0a6daf18fca699d8a59b64030\",\"name\":\"Symmes\",\"url\":\"https:\/\/symmes.ca\/en\/author\/symmes\/\"}]}<\/script>\n<!-- \/ Yoast SEO plugin. -->","yoast_head_json":{"title":"Festive Macram\u00e9 Workshop - Le Mus\u00e9e de l&#039;Auberge Symmes","robots":{"index":"index","follow":"follow","max-snippet":"max-snippet:-1","max-image-preview":"max-image-preview:large","max-video-preview":"max-video-preview:-1"},"canonical":"https:\/\/symmes.ca\/activites\/atelier-de-macrame-des-fetes\/","og_locale":"en_US","og_type":"article","og_title":"Festive Macram\u00e9 Workshop - Le Mus\u00e9e de l&#039;Auberge Symmes","og_description":"The Symmes Inn Museum presents a festive macram\u00e9 workshop where participants can create three Santa Clause decorations. The class will be given by Am\u00e9lie Girard of Macram\u00e9 Vibe, a local craftswoman. Come discover or rediscover the art of macram\u00e9 at the Symmes Inn Museum, accompanied by a festive hot drink! We&#8217;re happy to kick off&hellip; Continue reading Festive Macram\u00e9 Workshop","og_url":"https:\/\/symmes.ca\/activites\/atelier-de-macrame-des-fetes\/","og_site_name":"Le Mus\u00e9e de l&#039;Auberge Symmes","article_publisher":"https:\/\/www.facebook.com\/museesymmesmuseum?fref=ts","article_published_time":"2024-12-01T18:30:30+00:00","og_image":[{"width":1080,"height":1080,"url":"https:\/\/symmes.ca\/wp-content\/uploads\/2024\/12\/macrame-workshop.png","type":"image\/png"}],"author":"Symmes","twitter_card":"summary_large_image","twitter_misc":{"Written by":"Symmes","Est. reading time":"1 minute"},"schema":{"@context":"https:\/\/schema.org","@graph":[{"@type":"Article","@id":"https:\/\/symmes.ca\/activites\/atelier-de-macrame-des-fetes\/#article","isPartOf":{"@id":"https:\/\/symmes.ca\/activites\/atelier-de-macrame-des-fetes\/"},"author":{"name":"Symmes","@id":"https:\/\/symmes.ca\/#\/schema\/person\/4f17d0d0a6daf18fca699d8a59b64030"},"headline":"Festive Macram\u00e9 Workshop","datePublished":"2024-12-01T18:30:30+00:00","mainEntityOfPage":{"@id":"https:\/\/symmes.ca\/activites\/atelier-de-macrame-des-fetes\/"},"wordCount":95,"commentCount":0,"publisher":{"@id":"https:\/\/symmes.ca\/#organization"},"image":{"@id":"https:\/\/symmes.ca\/activites\/atelier-de-macrame-des-fetes\/#primaryimage"},"thumbnailUrl":"https:\/\/symmes.ca\/wp-content\/uploads\/2024\/12\/macrame-workshop.png","articleSection":["Activities"],"inLanguage":"en-US","potentialAction":[{"@type":"CommentAction","name":"Comment","target":["https:\/\/symmes.ca\/activites\/atelier-de-macrame-des-fetes\/#respond"]}]},{"@type":"WebPage","@id":"https:\/\/symmes.ca\/activites\/atelier-de-macrame-des-fetes\/","url":"https:\/\/symmes.ca\/activites\/atelier-de-macrame-des-fetes\/","name":"Festive Macram\u00e9 Workshop - Le Mus\u00e9e de l&#039;Auberge Symmes","isPartOf":{"@id":"https:\/\/symmes.ca\/#website"},"primaryImageOfPage":{"@id":"https:\/\/symmes.ca\/activites\/atelier-de-macrame-des-fetes\/#primaryimage"},"image":{"@id":"https:\/\/symmes.ca\/activites\/atelier-de-macrame-des-fetes\/#primaryimage"},"thumbnailUrl":"https:\/\/symmes.ca\/wp-content\/uploads\/2024\/12\/macrame-workshop.png","datePublished":"2024-12-01T18:30:30+00:00","breadcrumb":{"@id":"https:\/\/symmes.ca\/activites\/atelier-de-macrame-des-fetes\/#breadcrumb"},"inLanguage":"en-US","potentialAction":[{"@type":"ReadAction","target":["https:\/\/symmes.ca\/activites\/atelier-de-macrame-des-fetes\/"]}]},{"@type":"ImageObject","inLanguage":"en-US","@id":"https:\/\/symmes.ca\/activites\/atelier-de-macrame-des-fetes\/#primaryimage","url":"https:\/\/symmes.ca\/wp-content\/uploads\/2024\/12\/macrame-workshop.png","contentUrl":"https:\/\/symmes.ca\/wp-content\/uploads\/2024\/12\/macrame-workshop.png","width":1080,"height":1080},{"@type":"BreadcrumbList","@id":"https:\/\/symmes.ca\/activites\/atelier-de-macrame-des-fetes\/#breadcrumb","itemListElement":[{"@type":"ListItem","position":1,"name":"Accueil","item":"https:\/\/symmes.ca\/en\/"},{"@type":"ListItem","position":2,"name":"Festive Macram\u00e9 Workshop"}]},{"@type":"WebSite","@id":"https:\/\/symmes.ca\/#website","url":"https:\/\/symmes.ca\/","name":"Le Mus\u00e9e de l'Auberge Symmes","description":"","publisher":{"@id":"https:\/\/symmes.ca\/#organization"},"potentialAction":[{"@type":"SearchAction","target":{"@type":"EntryPoint","urlTemplate":"https:\/\/symmes.ca\/?s={search_term_string}"},"query-input":{"@type":"PropertyValueSpecification","valueRequired":true,"valueName":"search_term_string"}}],"inLanguage":"en-US"},{"@type":"Organization","@id":"https:\/\/symmes.ca\/#organization","name":"Le Mus\u00e9e de l'Auberge Symmes","url":"https:\/\/symmes.ca\/","logo":{"@type":"ImageObject","inLanguage":"en-US","@id":"https:\/\/symmes.ca\/#\/schema\/logo\/image\/","url":"https:\/\/symmes.ca\/wp-content\/uploads\/2024\/09\/logo_footer.svg","contentUrl":"https:\/\/symmes.ca\/wp-content\/uploads\/2024\/09\/logo_footer.svg","width":1,"height":1,"caption":"Le Mus\u00e9e de l'Auberge Symmes"},"image":{"@id":"https:\/\/symmes.ca\/#\/schema\/logo\/image\/"},"sameAs":["https:\/\/www.facebook.com\/museesymmesmuseum?fref=ts","https:\/\/www.instagram.com\/aubergesymmes\/","https:\/\/www.youtube.com\/@museeaubergesymmes"]},{"@type":"Person","@id":"https:\/\/symmes.ca\/#\/schema\/person\/4f17d0d0a6daf18fca699d8a59b64030","name":"Symmes","url":"https:\/\/symmes.ca\/en\/author\/symmes\/"}]}},"_links":{"self":[{"href":"https:\/\/symmes.ca\/en\/wp-json\/wp\/v2\/posts\/789","targetHints":{"allow":["GET"]}}],"collection":[{"href":"https:\/\/symmes.ca\/en\/wp-json\/wp\/v2\/posts"}],"about":[{"href":"https:\/\/symmes.ca\/en\/wp-json\/wp\/v2\/types\/post"}],"author":[{"embeddable":true,"href":"https:\/\/symmes.ca\/en\/wp-json\/wp\/v2\/users\/2"}],"replies":[{"embeddable":true,"href":"https:\/\/symmes.ca\/en\/wp-json\/wp\/v2\/comments?post=789"}],"version-history":[{"count":2,"href":"https:\/\/symmes.ca\/en\/wp-json\/wp\/v2\/posts\/789\/revisions"}],"predecessor-version":[{"id":793,"href":"https:\/\/symmes.ca\/en\/wp-json\/wp\/v2\/posts\/789\/revisions\/793"}],"wp:featuredmedia":[{"embeddable":true,"href":"https:\/\/symmes.ca\/en\/wp-json\/wp\/v2\/media\/791"}],"wp:attachment":[{"href":"https:\/\/symmes.ca\/en\/wp-json\/wp\/v2\/media?parent=789"}],"wp:term":[{"taxonomy":"category","embeddable":true,"href":"https:\/\/symmes.ca\/en\/wp-json\/wp\/v2\/categories?post=789"},{"taxonomy":"post_tag","embeddable":true,"href":"https:\/\/symmes.ca\/en\/wp-json\/wp\/v2\/tags?post=789"}],"curies":[{"name":"wp","href":"https:\/\/api.w.org\/{rel}","templated":true}]}}